{"id":9887,"date":"2025-02-25T15:33:56","date_gmt":"2025-02-25T15:33:56","guid":{"rendered":"https:\/\/www.galeriekrobath.at\/?post_type=news&#038;p=9887"},"modified":"2025-02-25T15:35:02","modified_gmt":"2025-02-25T15:35:02","slug":"sophia-sussmilch-at-akademie-graz","status":"publish","type":"news","link":"https:\/\/www.galeriekrobath.at\/en\/news\/sophia-sussmilch-at-akademie-graz\/","title":{"rendered":"Sophia S\u00fcssmilch at Akademie Graz"},"content":{"rendered":"\n<p class=\"has-medium-font-size\"><strong>Feminismus oder Schl\u00e4gerei<\/strong><br>Sophia S\u00fc\u00dfmilch works primarily with performance, painting, photography, video and literature. Her extraordinary cosmos of images is an iconography of intensity, a stunningly imaginative world of bodies and transformations. With humour, poetry and beauty, she exposes the absurd power of patriarchal structures that only cause problems. Her artistic defence is nudity, statements condensed into striking images, a courageous, funny, ironic, in an appealing way free artistic creation that breaks things down and takes them to extremes.<\/p>\n\n\n\n<p class=\"has-medium-font-size\"><strong>Opening:<br>Thursday, 6 March 2025<br>7.00 pm<\/strong><\/p>\n\n\n\n<p class=\"has-medium-font-size\"><strong>Exhibition duration:<br>07.03. &#8211; 04.04.2025<\/strong><\/p>\n\n\n\n<p class=\"has-small-font-size\">Sophia S\u00fcssmilch, Feminismus oder Schl\u00e4gerei, 2023. Courtesy die K\u00fcnstlerin und Krobath Wien.<\/p>\n","protected":false},"featured_media":9883,"template":"","class_list":["post-9887","news","type-news","status-publish","has-post-thumbnail","hentry"],"acf":[],"_links":{"self":[{"href":"https:\/\/www.galeriekrobath.at\/en\/wp-json\/wp\/v2\/news\/9887","targetHints":{"allow":["GET"]}}],"collection":[{"href":"https:\/\/www.galeriekrobath.at\/en\/wp-json\/wp\/v2\/news"}],"about":[{"href":"https:\/\/www.galeriekrobath.at\/en\/wp-json\/wp\/v2\/types\/news"}],"version-history":[{"count":2,"href":"https:\/\/www.galeriekrobath.at\/en\/wp-json\/wp\/v2\/news\/9887\/revisions"}],"predecessor-version":[{"id":9890,"href":"https:\/\/www.galeriekrobath.at\/en\/wp-json\/wp\/v2\/news\/9887\/revisions\/9890"}],"wp:featuredmedia":[{"embeddable":true,"href":"https:\/\/www.galeriekrobath.at\/en\/wp-json\/wp\/v2\/media\/9883"}],"wp:attachment":[{"href":"https:\/\/www.galeriekrobath.at\/en\/wp-json\/wp\/v2\/media?parent=9887"}],"curies":[{"name":"wp","href":"https:\/\/api.w.org\/{rel}","templated":true}]}}